{"id":1285,"date":"2024-05-14T21:26:31","date_gmt":"2024-05-14T21:26:31","guid":{"rendered":"https:\/\/ajax-koepenick.de\/?p=1285"},"modified":"2024-06-13T20:08:40","modified_gmt":"2024-06-13T20:08:40","slug":"ein-himmelfahrtskommando-nach-thueringen","status":"publish","type":"post","link":"https:\/\/ajax-koepenick.de\/?p=1285","title":{"rendered":"Ein Himmelfahrtskommando nach Th\u00fcringen"},"content":{"rendered":"\nngg_shortcode_0_placeholder\n\n\n\n<p>Am 8. Mai war es endlich soweit: ein Gro\u00dfteil der Ajax family machte sich auf ins 4-t\u00e4gige &#8222;Himmelfahrts-H\u00f6hentrainingslager&#8220; nach Th\u00fcringen! Th\u00fc\u00fc\u00fc\u00fcringen, Freistaat und autonome Bergrepublik, da war doch was &#8230; R. Grebe l\u00e4sst gr\u00fc\u00dfen &#8230; ein Himmelfahrtskommando etwa?<br><br>Nein, weit gefehlt &#8230; von langer (T\u00f6pferscher) Hand perfekt in seiner Heimat vorbereitet, war es das ganze Gegenteil!<br><\/p>\n\n\n\n<p><\/p>\n\n\n\n<p><strong>Tag 1<\/strong><\/p>\n\n\n\n<p>Joachim als DB Beauftragter hatte die Bahnhin und -r\u00fcckfahrt organisiert und die Bahn w\u00e4re nicht die Bahn, wenn sie nicht gleich mal f\u00fcr etwas Nervenkitzel gesorgt h\u00e4tte. Der gebuchte Zug wurde ohne Vorwarnung mal eben von 12:28 auf 11:39 vorverlegt &#8230; aber unser Experte konnte dieses kleine Bonmot noch geradeso am Vortag per Rundwarnung &#8222;enttarnen&#8220;!<br>So starteten also 9 Ajaxe \u201ep\u00fcnktlich\u201c am Hauptbahnhof bei bestem Wetter per ICE gen S\u00fcden zur th\u00fcringischen Landeshauptstadt (die mit V Beginnende). Guido, Ralf und Torsten waren per Auto unterwegs, ebenso Kevin\/Tim und Wolfgang startete erst am Nachmittag per Bahn.<br>Alles verlief gut (au\u00dfer Stau bei Kevin), der Umstieg in die Regionalbahn war eng getaktet und eng gepackt &#8211; soll hei\u00dfen kn\u00fcppeldicke voll &#8230;<br>In Bad Blankenburg wurden wir von Thomas&#8216; Onkel in Empfang genommen und sogleich ins nahe gelegene sehr aparte Hotel &#8222;Am Steinhof&#8220; geleitet. Die Zimmer wurden bezogen und ohne langes Primborium (die Frauen waren ja nicht dabei) ging es sogleich auf einen Rundgang durch Bad Blankenburg, beginnend am Kurpark mit Heilquelle, hin\u00fcber zu dem gro\u00dfen Areal der Landessportschule und weiter in die Altstadt mit Rathaus, Markt und Fr\u00f6bel-Kindergarten (hier h\u00e4tten wir ja ein paar Kindsk\u00f6pfe abladen k\u00f6nnen, war aber schon zu). Der wichtigste Akt dieses ersten Abends wartete im &#8222;Magdeburger Hof&#8220;: das Abendessen mit Th\u00fcringer Kl\u00f6\u00dfen und Th\u00fcringer Bier! Garniert wurde das Ganze noch durch die Ankunft von Thomas&#8216; Ex-Schw\u00e4gerin, welche sich gleich mal beschwerte, keine knackigen J\u00fcnglinge vorzufinden und dann aber Tisch 2 sofort in angeregte Gespr\u00e4che verwickelte. Eine Bayern-Live\u00fcbertragung gab&#8217;s leider nicht, aber so brauchten wir uns das &#8222;Elend&#8220; nicht 90min lang antun &#8211; es gab ja sp\u00e4ter die Zusammenfassung im Hotel zu sehen.<br><br><\/p>\n\n\n\n<p><strong>Tag 2<\/strong><\/p>\n\n\n\n<p><br>Der &#8222;Hauptgang&#8220; wurde dann am 2. Tag serviert: Himmelfahrt stand an, bei wiederum herrlichstem Wetter! Sonst immer eine Dom\u00e4ne der Ajax-Radsportgruppe, wurde jetzt erst mal gewandert &#8211; und zwar hinauf zu Siggi, dem Waldschrat mit Fliegerkappe und Onkel von Thomas, auf seine einsame Berg-H\u00fctte! Man kann einfach nur sagen: das war genial! Die war genauso urig wie idyllisch, da lagen bereits W\u00fcrste auf dem Rost ebenso wie kleine leckere Hackepeterbrote, einige K\u00e4sten einheimischer wohlschmeckender Biere warteten auf uns und nicht zuletzt ein paar Schn\u00e4pschen, die wo man noch nie gesehen geschweige getrunken hatte &#8230; Und alles garniert durch das Original Siggi und seine Erz\u00e4hlungen &#8211; Tisch 1 war ebenso begeistert wie Tisch 2 und sogar der 2er-Gesinde-Tisch am\u00fcsierte sich wie Bolle &#8230; \ud83d\ude42<br>Nachdem sich alle an den Leckereien genug gelabt hatten, kam Siggi-Event Teil 2: eine abenteuerliche Wanderung entlang halb oder v\u00f6llig verborgener Pfade (die wohl nur er kannte), quer durch den Wald von der H\u00fctte aufw\u00e4rts und dann wieder hinab bis nach Schwarza. Kleine Kletter- und Rutschpassagen inklusive, die einmal auch dem Lokalmatador selbst die Hufe wegriss und zu einem kleinen Tiefflug f\u00fchrte &#8230; er rappelte sich unger\u00fchrt auf und meinte, er wisse doch, wie Wiederaufstehen geht (seine Fliegerkappe sch\u00fctzte ihn ja eh bei Sturzflug!).<br>Wir gelangten jedenfalls perfekt hinab auf das Sportplatzgel\u00e4nde von ehemals Chemie Schwarza, wo am Casino bereits die Herrentags-Party tobte. Wir lie\u00dfen uns nieder und genossen schon wieder ein paar gute Th\u00fcringer Kaltgetr\u00e4nke incl. Nachschub an Rostbratw\u00fcrsten, Steaks und sogar Kaffee mit einem St\u00fcck Erdbeertorte+Sahne (f\u00fcr den Verfasser) war drin! Das ganze nat\u00fcrlich vom DJ mit ordentlich Partymusik untermalt. JK war leider schon mit gesundheitlichen Problemen angereist und machte sich dann sp\u00e4tnachmittags mit Begleitung auf den R\u00fcckweg. Der f\u00fchrte schnurstracks in ca. 45&#8242; an der Schwarza entlang nach Bad B. zur\u00fcck und ins Hotel. Der Rest folgte etwas sp\u00e4ter nach, schlie\u00dflich war f\u00fcr den Abend noch der Besuch des Pubs in der Landessportschule vorgesehen, wo wir uns das R\u00fcckspiel von Bayer Leverkusen gegen AS Rom anschauen konnten. Den gro\u00dfen runden Saal hatten wir fast exclusiv f\u00fcr uns und bei Bier, Wein und Knabberkram gab es als gelungenen Tagesabschluss ein spannendes Spiel mit dem bekannten, f\u00fcr ehemals Vizekusen typischen Ausgang! Merke, neue Fu\u00dfballweisheit: ein Spiel ist erst zu Ende, wenn Meisterkusen mindestens ein Unentschieden erreicht hat!<br><\/p>\n\n\n\n<p><\/p>\n\n\n\n<p><strong>Tag 3<\/strong><\/p>\n\n\n\n<p><br>Auch dieser war wieder perfekt durchgeplant und vorbereitet. Zuerst sollte nun endlich die &#8222;Trainingslager&#8220;-Vision umgesetzt werden, so wie es Thomas ja von fr\u00fcher gewohnt war. Also ging es &#8211; versehen mit Sportsachen &#8211; zuerst wieder per pedes zur\u00fcck auf das Gel\u00e4nde des Vortages. Der &#8222;beste Rasen Deutschlands&#8220; stand zwar nicht zur Verf\u00fcgung, aber der Zweitbeste wurde noch schnell f\u00fcr uns perfekt kurzgeschnitten.<br>Auch ein weiterer ganz wichtiger Protagonist des Tages war inzwischen mit Begleitung eingetroffen: Ren\u00e9, der frischgebackene 60ziger!! Das gab nat\u00fcrlich eine Gratulations- und Gl\u00fcckwunschrunde extra! Nach dem warm-up am Hauptplatz ging es hin\u00fcber auf den frisch geschorenen Rasen und das Match Ajax blau gegen Ajax rot\/bunt konnte beginnen. Insider meinten, die Verteilung w\u00e4re etwas &#8222;ung\u00fcnstig&#8220; f\u00fcr blau (Marcos goldenes H\u00e4ndchen fehlte hier) und der Beginn best\u00e4tigte dies umgehend. Blau geriet schnell 0:3 in R\u00fcckstand, berappelte sich dann aber etwas und kam zu eigenen Treffern. Ren\u00e9 hatte 2 Verst\u00e4rkungen mitgebracht und beim Stande von 2:4 (?) wechselte der uns von fr\u00fcher bereits bekannte, starke Schwager Frank zu blau &#8211; was prompt zu einem nun ausgeglichenen Spiel f\u00fchrte. Blau konnte den Anschluss herstellen, aber den R\u00fcckstand doch nicht ganz aufholen. Einige sprachen von einem Endergebnis von 7:5, andere schworen eidesstattlich auf 6:5! Egal wie, es war ein sch\u00f6nes Match, das der schwache Schiri Torsten (er freute sich von drau\u00dfen und lie\u00df es einfach mal laufen &#8230;) viel zu fr\u00fch und mitten hinein in einen vielversprechenden Konter von Blau beendete. Leider trug UweG im Tor von Blau bei einem eher harmlosen Schuss aus spitzem Winkel einen ausgerenkten Finger davon. Das wird wohl hoffentlich nicht zur Tradition bei Ajax (sh. Rostock 2023!). Er musste im KH Saalfeld behandelt werden, verpasste so leider ein bisschen was. Denn nach dem Match gab es zuerst f\u00fcr den Jubilar das obligatorische &#8222;Alte Ar..&#8220; incl. Bierrunde und danach Currywurst mit Pommes f\u00fcr Alle! Nach einer kleinen Erholungspause \u00fcbernahm Rene netterweise die Sportsachen zum R\u00fccktransport ins Hotel, er fuhr dann von dort weiter zu seiner Familienfeier-Location bei Erfurt.<br>F\u00fcr uns andere aber stand bereits das (vor)letzte Highlight des Tages bereit: Egon wartete schon mit der Kutsche und die beiden Rappen scharrten bereits mit den Hufen &#8230; Es sollte also per Kremser \u00fcber Schwarza nach Rudolstadt hin\u00fcber gehen. Eine wundersch\u00f6ne Tour, teils \u00fcber Stra\u00dfen, kleine Wege, \u00fcber Wiesen und durch Parks, vorbei an Thomas&#8216; alten Wirkungsst\u00e4tten (Schule, Elternhaus &#8230;), am Sportgel\u00e4nde\/Einheit Rudolstadt usw. Und dann tauchten da pl\u00f6tzlich sch\u00f6ne Geb\u00e4ude am Horizont auf! Und auf dem Kremser eine Flasche Pravda aus Cottbus-Skadow! Und viele freundliche Menschen, die uns zuwinkten wie auch wir ihnen &#8211; waren wir etwa wirklich noch in Th\u00fcringen?<br>Ja, denn auch Wolfgang musste irgendwann erkennen, dass die sch\u00f6nen Geb\u00e4ude immer die Heidecksburg war, die wir fast umrundet hatten \u2013 es wurde DER running gag des Tages \ud83d\ude42 So erreichten wir schlie\u00dflich bestens gelaunt das Zentrum von Rudolstadt!<br>Direkt auf dem Marktplatz entlie\u00df uns Kutscher Egon, ein weiteres Th\u00fcringer Original, das unsere Reise bereicherte. UweG stie\u00df frisch verarztet wieder zu uns, Kevin dagegen musste sich leider arbeitsbedingt bereits hier auf die Heimreise verabschieden. Nach einem kurzen Stopp an einer Destille stiegen wir endlich zum Rudolst\u00e4dter Wahrzeichen hinauf. Der Hof war frei begehbar und wir genossen eine sch\u00f6ne Aussicht. Leider war das angepeilte Caf\u00e9 in bester Lage durch eine Hochzeit blockiert und so traten wir nach den obligatorischen Gruppenfotos den R\u00fcckweg an.<br>Ein kurzer Spaziergang in der City mit Besuch des idyllischen Handwerker-Hofs sowie das ein oder andere Eis oder Kaffee folgten, der Linien-Bus f\u00fcr die R\u00fcckfahrt wartete aber bereits.<br>Damit war der nunmehr schon letzte Abend angebrochen und der kr\u00f6nende Abschluss fand im Steinhof-Restaurant drau\u00dfen an gro\u00dfer Tafel in frischer Abendluft statt. Hier wurde nochmal ordentlich geschlemmt bei bester th\u00fcringischer K\u00fcche &#8211; Kl\u00f6\u00dfe nat\u00fcrlich! Wein und Bier flossen wieder in Str\u00f6men und auch die Kelly(P\u00f6ckern) family erschien doch tats\u00e4chlich noch auf der Bildfl\u00e4che \u2026 So klang der Abend mit viel Spa\u00df und Gel\u00e4chter langsam aus.<br><br>Das Fazit war einhellig: Fu\u00dfball k\u00f6nn&#8216; wer nich so richtig, aber sch\u00f6n bl\u00f6d quatschen k\u00f6nn&#8216; wer richtig jut!<br><br><\/p>\n\n\n\n<p><strong>Tag 4<\/strong><\/p>\n\n\n\n<p><br>Der Rest verlief dann am Samstag eher unspektakul\u00e4r. Abschied vom Steinhof und von ThomasT (er blieb noch l\u00e4nger in der alten Heimat) sowie den beiden Allg\u00e4u-Fahrern Guido und Torsten. Ein Regio fr\u00fcher als geplant brachte uns zur\u00fcck in die Landeshauptstadt, wo wir noch Mu\u00dfe hatten, an historischer St\u00e4tte direkt unter Willys Balkon Kaffee und Kuchen zu uns zu nehmen (ausnahmsweise keine Kl\u00f6\u00dfe, kein Bier &#8230;). Der ICE kam p\u00fcnktlich und die Heimfahrt \u00fcber Halle verlief problemlos. Ein Hoch auf die DB mit Boss JK! In S\u00fcdkreuz verlie\u00dfen die Ersten den Zug, der Rest dann am Hbf. Nur die Kelly family hatte sich bereits in Erfurt Richtung Kr\u00e4merbr\u00fccke und Weimar verabschiedet.<br><br>Ein grandioses und \u00fcberaus erlebnisreiches &#8222;Trainingslager&#8220; hatte seinen Abschluss gefunden. Tausend Dank nochmals an ThomasT f\u00fcr die perfekte Organisation der &#8222;4 tollen Tage&#8220;!!<br><br>HJ.<br><\/p>\n\n\n\n<p>PS: Und hier noch die Links zur Fotoreportage unseres Starreporters JK im webspace &#8230;<\/p>\n\n\n\n<p><a href=\"https:\/\/c.web.de\/@400929991690294383\/RjLnXobgQPOgARuE9fjMsw\">https:\/\/c.web.de\/@400929991690294383\/RjLnXobgQPOgARuE9fjMsw<\/a><br><a href=\"https:\/\/c.web.de\/@400929991690294383\/-c6bmoMXS9C1HC-R1T-m_g\">https:\/\/c.web.de\/@400929991690294383\/-c6bmoMXS9C1HC-R1T-m_g<\/a><\/p>\n","protected":false},"excerpt":{"rendered":"<p>Am 8. Mai war es endlich soweit: ein Gro\u00dfteil der Ajax family machte sich auf ins 4-t\u00e4gige &#8222;Himmelfahrts-H\u00f6hentrainingslager&#8220; nach Th\u00fcringen! Th\u00fc\u00fc\u00fc\u00fcringen, Freistaat und autonome Bergrepublik, da war doch was &#8230; &hellip; <a class=\"readmore\" href=\"https:\/\/ajax-koepenick.de\/?p=1285\">Continue Reading \u2192<\/a><\/p>\n","protected":false},"author":11,"featured_media":1308,"comment_status":"open","ping_status":"open","sticky":false,"template":"","format":"standard","meta":{"ngg_post_thumbnail":0,"footnotes":""},"categories":[3],"tags":[],"class_list":["post-1285","post","type-post","status-publish","format-standard","has-post-thumbnail","hentry","category-berichte"],"_links":{"self":[{"href":"https:\/\/ajax-koepenick.de\/index.php?rest_route=\/wp\/v2\/posts\/1285","targetHints":{"allow":["GET"]}}],"collection":[{"href":"https:\/\/ajax-koepenick.de\/index.php?rest_route=\/wp\/v2\/posts"}],"about":[{"href":"https:\/\/ajax-koepenick.de\/index.php?rest_route=\/wp\/v2\/types\/post"}],"author":[{"embeddable":true,"href":"https:\/\/ajax-koepenick.de\/index.php?rest_route=\/wp\/v2\/users\/11"}],"replies":[{"embeddable":true,"href":"https:\/\/ajax-koepenick.de\/index.php?rest_route=%2Fwp%2Fv2%2Fcomments&post=1285"}],"version-history":[{"count":11,"href":"https:\/\/ajax-koepenick.de\/index.php?rest_route=\/wp\/v2\/posts\/1285\/revisions"}],"predecessor-version":[{"id":1324,"href":"https:\/\/ajax-koepenick.de\/index.php?rest_route=\/wp\/v2\/posts\/1285\/revisions\/1324"}],"wp:featuredmedia":[{"embeddable":true,"href":"https:\/\/ajax-koepenick.de\/index.php?rest_route=\/wp\/v2\/media\/1308"}],"wp:attachment":[{"href":"https:\/\/ajax-koepenick.de\/index.php?rest_route=%2Fwp%2Fv2%2Fmedia&parent=1285"}],"wp:term":[{"taxonomy":"category","embeddable":true,"href":"https:\/\/ajax-koepenick.de\/index.php?rest_route=%2Fwp%2Fv2%2Fcategories&post=1285"},{"taxonomy":"post_tag","embeddable":true,"href":"https:\/\/ajax-koepenick.de\/index.php?rest_route=%2Fwp%2Fv2%2Ftags&post=1285"}],"curies":[{"name":"wp","href":"https:\/\/api.w.org\/{rel}","templated":true}]}}